{"id":1927,"date":"2021-03-15T11:48:48","date_gmt":"2021-03-15T10:48:48","guid":{"rendered":"http:\/\/lostenampas.com\/?p=1927"},"modified":"2021-03-15T11:48:48","modified_gmt":"2021-03-15T10:48:48","slug":"los-tenampas-se-apuntan-una-completa-propuesta-cultural-protocolo-covid","status":"publish","type":"post","link":"https:\/\/lostenampas.com\/index.php\/2021\/03\/15\/los-tenampas-se-apuntan-una-completa-propuesta-cultural-protocolo-covid\/","title":{"rendered":"Los Tenampas se apuntan a una completa propuesta cultural con protocolo covid"},"content":{"rendered":"<p>Despu\u00e9s de la edici\u00f3n del disco conjunto de los mariachis navarros y de reunir a 1.200 personas en el Navarra Arena el pasado diciembre junto a Chuch\u00edn Ib\u00e1\u00f1ez, Puro Relajo y otros artistas, Los Tenampas, el tr\u00edo formado por los Artuch, Patxi, David y Mikel (padre e hijos) llegan con su \u00faltima propuesta cultural dispuestos a no repetir el des\u00e9rtico 2020. Se han propuesto recomponer la situaci\u00f3n y revitalizar las plazas y locales con su m\u00fasica y espect\u00e1culo mexicano para remontar el a\u00f1o a nivel econ\u00f3mico y emocional.<\/p>\n<p>Seguir leyendo en <a href=\"https:\/\/www.noticiasdenavarra.com\/cultura\/2021\/02\/21\/tenampas-apuntan-completa-propuesta-cultural\/1122436.html\">Diario de noticias<\/a><\/p>\n","protected":false},"excerpt":{"rendered":"<p>Despu\u00e9s de la edici\u00f3n del disco conjunto de los mariachis navarros y de reunir a 1.200 personas en el Navarra Arena el pasado diciembre junto a Chuch\u00edn Ib\u00e1\u00f1ez, Puro Relajo y otros artistas, Los Tenampas, el tr\u00edo formado por los Artuch, Patxi, David y Mikel (padre e hijos) llegan con su \u00faltima propuesta cultural dispuestos [&hellip;]<\/p>\n","protected":false},"author":3,"featured_media":1928,"comment_status":"open","ping_status":"open","sticky":false,"template":"","format":"standard","meta":[],"categories":[1],"tags":[],"_links":{"self":[{"href":"https:\/\/lostenampas.com\/index.php\/wp-json\/wp\/v2\/posts\/1927"}],"collection":[{"href":"https:\/\/lostenampas.com\/index.php\/wp-json\/wp\/v2\/posts"}],"about":[{"href":"https:\/\/lostenampas.com\/index.php\/wp-json\/wp\/v2\/types\/post"}],"author":[{"embeddable":true,"href":"https:\/\/lostenampas.com\/index.php\/wp-json\/wp\/v2\/users\/3"}],"replies":[{"embeddable":true,"href":"https:\/\/lostenampas.com\/index.php\/wp-json\/wp\/v2\/comments?post=1927"}],"version-history":[{"count":1,"href":"https:\/\/lostenampas.com\/index.php\/wp-json\/wp\/v2\/posts\/1927\/revisions"}],"predecessor-version":[{"id":1929,"href":"https:\/\/lostenampas.com\/index.php\/wp-json\/wp\/v2\/posts\/1927\/revisions\/1929"}],"wp:featuredmedia":[{"embeddable":true,"href":"https:\/\/lostenampas.com\/index.php\/wp-json\/wp\/v2\/media\/1928"}],"wp:attachment":[{"href":"https:\/\/lostenampas.com\/index.php\/wp-json\/wp\/v2\/media?parent=1927"}],"wp:term":[{"taxonomy":"category","embeddable":true,"href":"https:\/\/lostenampas.com\/index.php\/wp-json\/wp\/v2\/categories?post=1927"},{"taxonomy":"post_tag","embeddable":true,"href":"https:\/\/lostenampas.com\/index.php\/wp-json\/wp\/v2\/tags?post=1927"}],"curies":[{"name":"wp","href":"https:\/\/api.w.org\/{rel}","templated":true}]}}